{"id":10661,"date":"2024-07-18T07:21:55","date_gmt":"2024-07-18T07:21:55","guid":{"rendered":"https:\/\/web.montes.upm.es\/?p=10661"},"modified":"2024-07-18T07:23:03","modified_gmt":"2024-07-18T07:23:03","slug":"jornadas-decaimiento-forestal-red-iberica-de-decaimiento-inducido-por-el-clima-redec","status":"publish","type":"post","link":"https:\/\/web.montes.upm.es\/?p=10661","title":{"rendered":"Jornadas Decaimiento Forestal &#8211; Red Ib\u00e9rica de Decaimiento Inducido por el Clima (ReDec)"},"content":{"rendered":"\n<p>Se celebrar\u00e1 durante los <strong>d\u00edas 18 y 19 de septiembre en Nerja (M\u00e1laga)<\/strong> la primera reuni\u00f3n interna de ReDec (d\u00eda 17) con el objetivo de debatir sobre el estado del decaimiento arb\u00f3reo en la pen\u00ednsula Ib\u00e9rica. La reuni\u00f3n se organiza en tres jornadas: la primera exclusivamente entre miembros de la red en torno a mesas de trabajo que engloban las actividades investigadoras de ReDec, la segunda <strong><u>p\u00fablica y abierta<\/u><\/strong> donde se realizar\u00e1 una jornada sobre casos y gesti\u00f3n del decaimiento en distintas comunidades aut\u00f3nomas y un debate abierto con los gestores en una salida de campo, y la tercera donde se realizar\u00e1 una salida de campo con un viaje compartido entre gestores e investigadores por zonas con distintos estados de decaimiento en Andaluc\u00eda con la intenci\u00f3n debatir sobre el estado del decaimiento arb\u00f3reo en la pen\u00ednsula Ib\u00e9rica y posibles alternativas de mitigaci\u00f3n, adaptaci\u00f3n, restauraci\u00f3n y resiliencia.<\/p>\n\n\n\n<p>Se trata de unas jornadas <strong>GRATUITAS<\/strong> organizadas por ReDec, DendroOlavide-Universidad Pablo de Olavide, la Consejer\u00eda de Sostenibilidad, Medio Ambiente y Econom\u00eda Azul de la Junta de Andaluc\u00eda y el Ayuntamiento de Nerja. Est\u00e1n dirigidas a todo tipo de interesad@s, ya sean profesionales o no del sector, gestores, investigadores, empresas, instituciones, estudiantes o asociaciones interesadas en el mundo de la gesti\u00f3n forestal sostenible, la ecolog\u00eda, la bioeconom\u00eda forestal, desarrollo rural, conservaci\u00f3n de la naturaleza y selvicultura. Para ello contaremos con un gran elenco de expert@s y representantes a nivel nacional en las tem\u00e1ticas incluidas en el programa.<\/p>\n\n\n\n<p>Para poder asistir tan s\u00f3lo hay que rellenar el siguiente<a href=\"https:\/\/urldefense.com\/v3\/__https:\/\/forms.gle\/KVLEqZzn7dr1EaX39__;!!D9dNQwwGXtA!Skx6kfFN-m4qKx5IPmseBrFyE_P2C0-UiIA3NNkVUPFOQkG_vmOn-3kDl-CDxNT87p1sG5Nkf4iF86BbaG1oPNA$\"> https:\/\/forms.gle\/KVLEqZzn7dr1EaX39<\/a>&nbsp; antes <strong>del d\u00eda 10 de septiembre de 2024 a las 23:00.<\/strong><\/p>\n\n\n\n<p>Se podr\u00e1 consultar en esta <a href=\"https:\/\/urldefense.com\/v3\/__https:\/\/redeciberica.es\/workshops\/2024_09_reunion_inicial_redec\/2024_09_reunion_inicial.html*sec-reunion-interna__;Iw!!D9dNQwwGXtA!Skx6kfFN-m4qKx5IPmseBrFyE_P2C0-UiIA3NNkVUPFOQkG_vmOn-3kDl-CDxNT87p1sG5Nkf4iF86Bb6GtMNZk$\">web<\/a> todas las actualizaciones, junto con toda informaci\u00f3n de inter\u00e9s sobre la sede de las Jornadas. La sala dispone de un aforo limitado y se atender\u00e1 por riguroso orden de inscripci\u00f3n.<\/p>\n\n\n\n<p>Para cualquier duda o consulta: <a href=\"mailto:dendrolavide@upo.es\">dendrolavide@upo.es<\/a>\u00a0<\/p>\n","protected":false},"excerpt":{"rendered":"<p>Se celebrar\u00e1 durante los d\u00edas 18 y 19 de septiembre en Nerja (M\u00e1laga) la primera reuni\u00f3n interna de ReDec (d\u00eda 17) con el objetivo de debatir sobre el estado del decaimiento arb\u00f3reo en la pen\u00ednsula Ib\u00e9rica. La reuni\u00f3n se organiza en tres jornadas: la primera exclusivamente entre miembros de la red en torno a mesas [&hellip;]<\/p>\n","protected":false},"author":4,"featured_media":5885,"comment_status":"open","ping_status":"open","sticky":false,"template":"","format":"standard","meta":{"_monsterinsights_skip_tracking":false,"_monsterinsights_sitenote_active":false,"_monsterinsights_sitenote_note":"","_monsterinsights_sitenote_category":0,"_uf_show_specific_survey":0,"_uf_disable_surveys":false,"footnotes":""},"categories":[9],"tags":[473,16,15,22,472,214],"class_list":["post-10661","post","type-post","status-publish","format-standard","has-post-thumbnail","hentry","category-tablon-anuncios","tag-clima","tag-escuela-tecnica-superior-de-ingenieria-de-montes","tag-etsimfmn","tag-forestal","tag-iberica","tag-jornadas"],"aioseo_notices":[],"_links":{"self":[{"href":"https:\/\/web.montes.upm.es\/index.php?rest_route=\/wp\/v2\/posts\/10661","targetHints":{"allow":["GET"]}}],"collection":[{"href":"https:\/\/web.montes.upm.es\/index.php?rest_route=\/wp\/v2\/posts"}],"about":[{"href":"https:\/\/web.montes.upm.es\/index.php?rest_route=\/wp\/v2\/types\/post"}],"author":[{"embeddable":true,"href":"https:\/\/web.montes.upm.es\/index.php?rest_route=\/wp\/v2\/users\/4"}],"replies":[{"embeddable":true,"href":"https:\/\/web.montes.upm.es\/index.php?rest_route=%2Fwp%2Fv2%2Fcomments&post=10661"}],"version-history":[{"count":2,"href":"https:\/\/web.montes.upm.es\/index.php?rest_route=\/wp\/v2\/posts\/10661\/revisions"}],"predecessor-version":[{"id":10663,"href":"https:\/\/web.montes.upm.es\/index.php?rest_route=\/wp\/v2\/posts\/10661\/revisions\/10663"}],"wp:featuredmedia":[{"embeddable":true,"href":"https:\/\/web.montes.upm.es\/index.php?rest_route=\/wp\/v2\/media\/5885"}],"wp:attachment":[{"href":"https:\/\/web.montes.upm.es\/index.php?rest_route=%2Fwp%2Fv2%2Fmedia&parent=10661"}],"wp:term":[{"taxonomy":"category","embeddable":true,"href":"https:\/\/web.montes.upm.es\/index.php?rest_route=%2Fwp%2Fv2%2Fcategories&post=10661"},{"taxonomy":"post_tag","embeddable":true,"href":"https:\/\/web.montes.upm.es\/index.php?rest_route=%2Fwp%2Fv2%2Ftags&post=10661"}],"curies":[{"name":"wp","href":"https:\/\/api.w.org\/{rel}","templated":true}]}}